{"headers": {"id": "ID", "ano": "Ano", "numero": "N\u00famero", "tipo__sigla": "Tipo de Mat\u00e9ria Legislativa/Sigla", "tipo__descricao": "Tipo de Mat\u00e9ria Legislativa/Descri\u00e7\u00e3o", "autoria": "Autorias", "texto_original": "Texto Original", "ementa": "Ementa"}, "results": [{"id": "73", "ano": "2014", "numero": "1", "tipo__sigla": "PELO", "tipo__descricao": "Projeto de Emenda \u00e0 Lei Org\u00e2nica Municipal", "autoria": "Ivete Aparecida Migliani, Djalma Valdemir Bordignon, Jos\u00e9 Francisco de Moura Campos, Nilso Ventris, Regina Maria de Ara\u00fajo Abdala, Vicente Di Santi Filho", "texto_original": "http://sapl.laranjalpaulista.sp.leg.br/media/", "ementa": "PROCEDE A REVIS\u00c3O, ALTERA, SUPRIME E ACRESCE DISPOSITIVOS DA LEI ORG\u00c2NICA DO MUNIC\u00cdPIO."}, {"id": "72", "ano": "2014", "numero": "40", "tipo__sigla": "PL", "tipo__descricao": "Projeto de Lei", "autoria": "", "texto_original": "http://sapl.laranjalpaulista.sp.leg.br/media/", "ementa": "AUTORIZA O CHEFE DO PODER EXECUTIVO MUNICIPAL A OUTORGAR PERMISS\u00c3O DE USO DE IM\u00d3VEL DE PROPRIEDADE DO MUNIC\u00cdPIO DE LARANJAL PAULISTA \u00c0 ASSOCIA\u00c7\u00c3O DE PRESERVA\u00c7\u00c3O DO PATRIM\u00d4NIO ECOL\u00d3GICO, HIST\u00d3RICO E CULTURAL \"RIONIDOS\"."}, {"id": "66", "ano": "2014", "numero": "47", "tipo__sigla": "PL", "tipo__descricao": "Projeto de Lei", "autoria": "Poder Executivo", "texto_original": "http://sapl.laranjalpaulista.sp.leg.br/media/", "ementa": "AUTORIZA A CESS\u00c3O DE USO DO BEM IM\u00d3VEL DE PROPRIEDADE DO MUNIC\u00cdPIO DE LARANJAL PAULISTA E D\u00c1 OUTRAS PROVID\u00caNCIAS."}]}