{"id":874,"__str__":"Leandro Silveira Lara (20\u00ba orador)","link_detail_backend":"/sessao/oradorordemdia/874","metadata":{},"numero_ordem":20,"url_discurso":"https://youtu.be/1d1FwsGUFlg?t=12919","observacao":"Justificou a motiva\u00e7\u00e3o da apresenta\u00e7\u00e3o do Req-14/2026","upload_anexo":null,"sessao_plenaria":382,"parlamentar":154}