{"id":872,"__str__":"M\u00e1rcio Jos\u00e9 Garpelli (18\u00ba orador)","link_detail_backend":"/sessao/oradorordemdia/872","metadata":{},"numero_ordem":18,"url_discurso":"https://youtu.be/1d1FwsGUFlg?t=12764","observacao":"Justificou a motiva\u00e7\u00e3o da apresenta\u00e7\u00e3o do Req-13/2026","upload_anexo":null,"sessao_plenaria":382,"parlamentar":147}