{"id":865,"__str__":"M\u00e1rcio Jos\u00e9 Garpelli (11\u00ba orador)","link_detail_backend":"/sessao/oradorordemdia/865","metadata":{},"numero_ordem":11,"url_discurso":"https://youtu.be/1d1FwsGUFlg?t=11724","observacao":"Justificou a motiva\u00e7\u00e3o da apresenta\u00e7\u00e3o do Req-06/2026","upload_anexo":null,"sessao_plenaria":382,"parlamentar":147}