{"id":2948,"__str__":"Requerimento n\u00ba 1 de 2026","link_detail_backend":"/materia/2948","metadata":{"signs":{"texto_original":{"admin":[],"autores":[["Leandro Silveira Lara",["2026-01-13T12:25:39-03:00","ICP-Brasil"]]]}}},"numero":1,"ano":2026,"numero_protocolo":7,"data_apresentacao":"2026-01-13","tipo_apresentacao":"E","data_publicacao":null,"numero_origem_externa":"","ano_origem_externa":null,"data_origem_externa":null,"apelido":"","dias_prazo":null,"data_fim_prazo":null,"em_tramitacao":true,"polemica":false,"objeto":"","complementar":false,"ementa":"Requer C\u00f3pia integral de todo o processo licitat\u00f3rio que resultou na contrata\u00e7\u00e3o da empresa Especialy Terceiriza\u00e7\u00e3o Ltda; C\u00f3pia de todos os contratos administrativos, termos aditivos, renova\u00e7\u00f5es, apostilamentos ou rescis\u00f5es firmadas entre o Munic\u00edpio e a empresa; C\u00f3pia de todos os requerimentos, den\u00fancias, reclama\u00e7\u00f5es ou comunica\u00e7\u00f5es formais protocoladas por funcion\u00e1rios, ex-funcion\u00e1rios, sindicatos ou terceiros junto \u00e0 Prefeitura, relacionadas \u00e0 empresa; C\u00f3pia de relat\u00f3rios de fiscaliza\u00e7\u00e3o, notifica\u00e7\u00f5es, autos de infra\u00e7\u00e3o, advert\u00eancias, san\u00e7\u00f5es administrativas ou processos administrativos instaurados em face da empresa; Informa\u00e7\u00e3o formal sobre qual setor, secretaria ou servidor era respons\u00e1vel pela fiscaliza\u00e7\u00e3o do contrato, bem como as medidas adotadas diante das irregularidades relatadas; Informa\u00e7\u00e3o sobre eventual reten\u00e7\u00e3o de pagamentos, aplica\u00e7\u00e3o de penalidades ou outras provid\u00eancias administrativas adotadas pelo Munic\u00edpio.","indexacao":"","observacao":"","resultado":"","texto_original":"http://sapl.laranjalpaulista.sp.leg.br/media/sapl/public/materialegislativa/2026/2948/requerimento_n_01_leandro_especialy.pdf","data_ultima_atualizacao":"2026-02-06T11:38:08.029762-03:00","ip":"189.28.226.26","ultima_edicao":"2026-01-13T12:29:04.101505-03:00","tipo":3,"regime_tramitacao":1,"tipo_origem_externa":null,"local_origem_externa":null,"user":37,"anexadas":[],"autores":[64]}