{"id":2930,"__str__":"Projeto de Lei n\u00ba 92 de 2025","link_detail_backend":"/materia/2930","metadata":{"signs":{"texto_original":{"admin":[],"autores":[["Antonio Valdecir Berto Filho",["2025-11-14T15:01:13-03:00","ICP-Brasil"]]]}}},"numero":92,"ano":2025,"numero_protocolo":850,"data_apresentacao":"2025-11-14","tipo_apresentacao":"","data_publicacao":null,"numero_origem_externa":"","ano_origem_externa":null,"data_origem_externa":null,"apelido":"","dias_prazo":null,"data_fim_prazo":null,"em_tramitacao":false,"polemica":false,"objeto":"","complementar":false,"ementa":"Disp\u00f5e sobre abertura de Cr\u00e9dito Adicional Especial no Or\u00e7amento de 2025 e d\u00e1 outras provid\u00eancias.","indexacao":"","observacao":"","resultado":"","texto_original":"http://sapl.laranjalpaulista.sp.leg.br/media/sapl/public/materialegislativa/2025/2930/pl-92-2025_-_credito_adicional_especial__r1.550.00000__.pdf","data_ultima_atualizacao":"2026-02-04T16:06:57.137599-03:00","ip":"189.28.226.26","ultima_edicao":"2025-11-14T15:22:37.573049-03:00","tipo":9,"regime_tramitacao":1,"tipo_origem_externa":null,"local_origem_externa":null,"user":37,"anexadas":[],"autores":[16]}