{"id":2825,"__str__":"Projeto de Lei n\u00ba 71 de 2025","link_detail_backend":"/materia/2825","metadata":{"signs":{"texto_original":{"admin":[],"autores":[["Antonio Valdecir Berto Filho",["2025-08-27T16:04:23-03:00","ICP-Brasil"]]]}}},"numero":71,"ano":2025,"numero_protocolo":621,"data_apresentacao":"2025-08-27","tipo_apresentacao":"","data_publicacao":null,"numero_origem_externa":"","ano_origem_externa":null,"data_origem_externa":null,"apelido":"","dias_prazo":null,"data_fim_prazo":null,"em_tramitacao":false,"polemica":false,"objeto":"","complementar":false,"ementa":"Disp\u00f5e sobre abertura de Cr\u00e9dito Adicional Suplementar no Or\u00e7amento de 2025 e d\u00e1 outras  provid\u00eancias.","indexacao":"","observacao":"","resultado":"","texto_original":"http://sapl.laranjalpaulista.sp.leg.br/media/sapl/public/materialegislativa/2025/2825/pl-71-2025_-_credito_adicional_suplementar_r377.00000___.pdf","data_ultima_atualizacao":"2025-09-16T13:30:08.495797-03:00","ip":"187.121.163.77","ultima_edicao":"2025-08-29T09:58:26.959163-03:00","tipo":9,"regime_tramitacao":2,"tipo_origem_externa":null,"local_origem_externa":null,"user":37,"anexadas":[],"autores":[16]}