{"id":547,"__str__":"2\u00aa Reuni\u00e3o Conjunta","link_detail_backend":"/comissao/reuniao/547","metadata":{"signs":{"upload_ata":{"admin":[],"autores":[["Andre Pieroni",["2025-11-13T11:22:55-03:00","ICP-Brasil"]],["Ricardo Tadeu Granzotto",["2025-11-13T11:23:41-03:00","ICP-Brasil"]]]}}},"numero":2,"nome":"2\u00aa Reuni\u00e3o Conjunta","tema":"LOA-2026, altera\u00e7\u00f5es do PPA 2026-2029 e LDO 2026, e as Emendas Impositivas","data":"2025-11-06","hora_inicio":"14:30:00","hora_fim":"14:55:00","local_reuniao":"","observacao":"","url_audio":"","url_video":"","upload_pauta":null,"upload_ata":"http://sapl.laranjalpaulista.sp.leg.br/media/sapl/public/reuniao/547/ata/ata_da_02a_r.conjunta_06.11.2025_ppa_2026.2029_ldo.2026_e_loa.2026.pdf","upload_anexo":null,"periodo":6,"comissao":2}